{"id":3025,"date":"2020-01-13T20:05:38","date_gmt":"2020-01-13T19:05:38","guid":{"rendered":"http:\/\/la-volpiliere.com\/blog\/?p=3025"},"modified":"2020-01-13T20:05:38","modified_gmt":"2020-01-13T19:05:38","slug":"rando-dhiver","status":"publish","type":"post","link":"https:\/\/la-volpiliere.com\/blog\/rando-dhiver\/","title":{"rendered":"Rando d&rsquo;hiver"},"content":{"rendered":"<p>Par un beau dimanche de janvier , o\u00f9 le soleil s&rsquo;est invit\u00e9 g\u00e9n\u00e9reusement , nous d\u00e9cidons , Robert et moi de partir \u00e0 l&rsquo;assaut du Mont Gargo.<\/p>\n<p>Le Mont Gargo est le point culminant du Causse M\u00e9jean . Il se dresse \u00e0 1247 m d&rsquo;altitude ,sur la zone la plus d\u00e9nud\u00e9e du plateau.<\/p>\n<p>C&rsquo;est un lieu magique , avec des paysages sublimes et une nature sauvage.<\/p>\n<p>Durant la marche d&rsquo;approche ,la travers\u00e9e de ces \u00e9tendues rases \u00e0 perte de vue nous impressionne tant nous sommes petits. Une bise cinglante malgr\u00e9 le beau temps nous laisse imaginer les temp\u00e9ratures des jours de tourmente .<\/p>\n<p>Vous l&rsquo;avez compris nous sommes conquis !!<\/p>\n<div id=\"attachment_3026\" style=\"width: 610px\" class=\"wp-caption alignnone\"><a href=\"http:\/\/la-volpiliere.com\/blog\/rando-dhiver\/img_3335\/\" rel=\"attachment wp-att-3026\"><img loading=\"lazy\" decoding=\"async\" aria-describedby=\"caption-attachment-3026\" class=\"size-full wp-image-3026\" src=\"http:\/\/la-volpiliere.com\/blog\/wp-content\/uploads\/2020\/01\/IMG_3335.jpg\" alt=\"\" width=\"600\" height=\"401\" \/><\/a><p id=\"caption-attachment-3026\" class=\"wp-caption-text\">cheminant vers le Gargo<\/p><\/div>\n<div id=\"attachment_3027\" style=\"width: 610px\" class=\"wp-caption alignnone\"><a href=\"http:\/\/la-volpiliere.com\/blog\/rando-dhiver\/img_3333\/\" rel=\"attachment wp-att-3027\"><img loading=\"lazy\" decoding=\"async\" aria-describedby=\"caption-attachment-3027\" class=\"size-full wp-image-3027\" src=\"http:\/\/la-volpiliere.com\/blog\/wp-content\/uploads\/2020\/01\/IMG_3333.jpg\" alt=\"\" width=\"600\" height=\"401\" \/><\/a><p id=\"caption-attachment-3027\" class=\"wp-caption-text\">R\u00e9sistante cardabelle<\/p><\/div>\n<div id=\"attachment_3028\" style=\"width: 610px\" class=\"wp-caption alignnone\"><a href=\"http:\/\/la-volpiliere.com\/blog\/rando-dhiver\/img_3331\/\" rel=\"attachment wp-att-3028\"><img loading=\"lazy\" decoding=\"async\" aria-describedby=\"caption-attachment-3028\" class=\"size-full wp-image-3028\" src=\"http:\/\/la-volpiliere.com\/blog\/wp-content\/uploads\/2020\/01\/IMG_3331.jpg\" alt=\"\" width=\"600\" height=\"401\" \/><\/a><p id=\"caption-attachment-3028\" class=\"wp-caption-text\">Au loin face \u00e0 nous le Mont Gargo<\/p><\/div>\n<div id=\"attachment_3029\" style=\"width: 610px\" class=\"wp-caption alignnone\"><a href=\"http:\/\/la-volpiliere.com\/blog\/rando-dhiver\/img_3328\/\" rel=\"attachment wp-att-3029\"><img loading=\"lazy\" decoding=\"async\" aria-describedby=\"caption-attachment-3029\" class=\"size-full wp-image-3029\" src=\"http:\/\/la-volpiliere.com\/blog\/wp-content\/uploads\/2020\/01\/IMG_3328.jpg\" alt=\"\" width=\"600\" height=\"401\" \/><\/a><p id=\"caption-attachment-3029\" class=\"wp-caption-text\">Grands espaces<\/p><\/div>\n<div id=\"attachment_3030\" style=\"width: 610px\" class=\"wp-caption alignnone\"><a href=\"http:\/\/la-volpiliere.com\/blog\/rando-dhiver\/20200112_151727\/\" rel=\"attachment wp-att-3030\"><img loading=\"lazy\" decoding=\"async\" aria-describedby=\"caption-attachment-3030\" class=\"size-full wp-image-3030\" src=\"http:\/\/la-volpiliere.com\/blog\/wp-content\/uploads\/2020\/01\/20200112_151727.jpg\" alt=\"\" width=\"600\" height=\"338\" \/><\/a><p id=\"caption-attachment-3030\" class=\"wp-caption-text\">Et ,un petit selfie !!!!<\/p><\/div>\n<div id=\"attachment_3031\" style=\"width: 610px\" class=\"wp-caption alignnone\"><a href=\"http:\/\/la-volpiliere.com\/blog\/rando-dhiver\/20200112_151443\/\" rel=\"attachment wp-att-3031\"><img loading=\"lazy\" decoding=\"async\" aria-describedby=\"caption-attachment-3031\" class=\"size-full wp-image-3031\" src=\"http:\/\/la-volpiliere.com\/blog\/wp-content\/uploads\/2020\/01\/20200112_151443.jpg\" alt=\"\" width=\"600\" height=\"338\" \/><\/a><p id=\"caption-attachment-3031\" class=\"wp-caption-text\">Fixer l&rsquo;immensit\u00e9<\/p><\/div>\n<div id=\"attachment_3032\" style=\"width: 610px\" class=\"wp-caption alignnone\"><a href=\"http:\/\/la-volpiliere.com\/blog\/rando-dhiver\/20200112_151118\/\" rel=\"attachment wp-att-3032\"><img loading=\"lazy\" decoding=\"async\" aria-describedby=\"caption-attachment-3032\" class=\"size-full wp-image-3032\" src=\"http:\/\/la-volpiliere.com\/blog\/wp-content\/uploads\/2020\/01\/20200112_151118.jpg\" alt=\"\" width=\"600\" height=\"338\" \/><\/a><p id=\"caption-attachment-3032\" class=\"wp-caption-text\">Aim\u00e9e au sommet du Mont Gargo<\/p><\/div>\n<div id=\"attachment_3033\" style=\"width: 610px\" class=\"wp-caption alignnone\"><a href=\"http:\/\/la-volpiliere.com\/blog\/rando-dhiver\/20200112_151518\/\" rel=\"attachment wp-att-3033\"><img loading=\"lazy\" decoding=\"async\" aria-describedby=\"caption-attachment-3033\" class=\"size-full wp-image-3033\" src=\"http:\/\/la-volpiliere.com\/blog\/wp-content\/uploads\/2020\/01\/20200112_151518.jpg\" alt=\"\" width=\"600\" height=\"338\" \/><\/a><p id=\"caption-attachment-3033\" class=\"wp-caption-text\">Paysage min\u00e9ral \u00e0 perte de vue<\/p><\/div>\n<p>Sp\u00e9cial non ?<\/p>\n","protected":false},"excerpt":{"rendered":"<p>Par un beau dimanche de janvier , o\u00f9 le soleil s&rsquo;est invit\u00e9 g\u00e9n\u00e9reusement , nous d\u00e9cidons , Robert et moi de partir \u00e0 l&rsquo;assaut du Mont Gargo. Le Mont Gargo est le point culminant du Causse M\u00e9jean . Il se dresse \u00e0 1247 m d&rsquo;altitude ,sur la zone la plus d\u00e9nud\u00e9e du plateau. C&rsquo;est un [&hellip;]<\/p>\n","protected":false},"author":2,"featured_media":0,"comment_status":"open","ping_status":"open","sticky":false,"template":"","format":"standard","meta":{"footnotes":""},"categories":[7],"tags":[],"class_list":["post-3025","post","type-post","status-publish","format-standard","hentry","category-maison"],"aioseo_notices":[],"_links":{"self":[{"href":"https:\/\/la-volpiliere.com\/blog\/wp-json\/wp\/v2\/posts\/3025","targetHints":{"allow":["GET"]}}],"collection":[{"href":"https:\/\/la-volpiliere.com\/blog\/wp-json\/wp\/v2\/posts"}],"about":[{"href":"https:\/\/la-volpiliere.com\/blog\/wp-json\/wp\/v2\/types\/post"}],"author":[{"embeddable":true,"href":"https:\/\/la-volpiliere.com\/blog\/wp-json\/wp\/v2\/users\/2"}],"replies":[{"embeddable":true,"href":"https:\/\/la-volpiliere.com\/blog\/wp-json\/wp\/v2\/comments?post=3025"}],"version-history":[{"count":2,"href":"https:\/\/la-volpiliere.com\/blog\/wp-json\/wp\/v2\/posts\/3025\/revisions"}],"predecessor-version":[{"id":3035,"href":"https:\/\/la-volpiliere.com\/blog\/wp-json\/wp\/v2\/posts\/3025\/revisions\/3035"}],"wp:attachment":[{"href":"https:\/\/la-volpiliere.com\/blog\/wp-json\/wp\/v2\/media?parent=3025"}],"wp:term":[{"taxonomy":"category","embeddable":true,"href":"https:\/\/la-volpiliere.com\/blog\/wp-json\/wp\/v2\/categories?post=3025"},{"taxonomy":"post_tag","embeddable":true,"href":"https:\/\/la-volpiliere.com\/blog\/wp-json\/wp\/v2\/tags?post=3025"}],"curies":[{"name":"wp","href":"https:\/\/api.w.org\/{rel}","templated":true}]}}