{"id":310,"date":"2009-04-01T19:56:16","date_gmt":"2009-04-01T18:56:16","guid":{"rendered":"http:\/\/la-volpiliere.com\/blog\/?p=310"},"modified":"2011-10-28T10:18:43","modified_gmt":"2011-10-28T09:18:43","slug":"le-coiffeur-est-dans-la-bergerie","status":"publish","type":"post","link":"https:\/\/la-volpiliere.com\/blog\/le-coiffeur-est-dans-la-bergerie\/","title":{"rendered":"Le coiffeur est dans la bergerie"},"content":{"rendered":"<p>Aujourd&rsquo;hui les brebis se font belles pour f\u00eater le printemps. Dans trois semaines elles vont retrouver l&rsquo;herbe fraiche des prairies. On assistera alors \u00e0 de nouvelles naissances dans les sous-bois. D&rsquo;ici l\u00e0 leur toison aura repouss\u00e9 et elles resteront \u00e0 l&rsquo;ext\u00e9rieur jusqu&rsquo;\u00e0 l&rsquo;automne prochain.<\/p>\n<p><a href=\"http:\/\/la-volpiliere.com\/blog\/wp-content\/uploads\/2009\/04\/travaux-tonte-vin-blanc-0821.jpg\" target=\"_blank\"><img loading=\"lazy\" decoding=\"async\" src=\"http:\/\/la-volpiliere.com\/blog\/wp-content\/uploads\/2009\/04\/travaux-tonte-vin-blanc-0821.jpg\" alt=\"\" title=\"La tonte des brebis\" width=\"600\" height=\"399\" class=\"alignnone size-full wp-image-1537\" \/><\/a><\/p>\n<p>Une seule revendique avec insistance son manteau.<\/p>\n<p><a href=\"http:\/\/la-volpiliere.com\/blog\/wp-content\/uploads\/2009\/04\/travaux-tonte-vin-blanc-056.jpg\" target=\"_blank\"><img loading=\"lazy\" decoding=\"async\" class=\"alignnone size-medium wp-image-317\" title=\"travaux-tonte-vin-blanc-056\" src=\"http:\/\/la-volpiliere.com\/blog\/wp-content\/uploads\/2009\/04\/travaux-tonte-vin-blanc-056.jpg\" alt=\"\" width=\"600\" height=\"400\" \/><\/a><\/p>\n<p style=\"text-align: center;\">&#8212;  Visitez notre page <a href=\"http:\/\/la-volpiliere.com\/blog\/chambre-dhotes\/\" target=\"_self\"><strong>Chambres d&rsquo;h\u00f4tes Causse M\u00e9jean<\/strong><\/a>  &#8212;<\/p>\n<p style=\"text-align: center;\">\n","protected":false},"excerpt":{"rendered":"<p>Aujourd&rsquo;hui les brebis se font belles pour f\u00eater le printemps. Dans trois semaines elles vont retrouver l&rsquo;herbe fraiche des prairies. On assistera alors \u00e0 de nouvelles naissances dans les sous-bois. D&rsquo;ici l\u00e0 leur toison aura repouss\u00e9 et elles resteront \u00e0 l&rsquo;ext\u00e9rieur jusqu&rsquo;\u00e0 l&rsquo;automne prochain. Une seule revendique avec insistance son manteau. &#8212; Visitez notre page [&hellip;]<\/p>\n","protected":false},"author":2,"featured_media":0,"comment_status":"open","ping_status":"open","sticky":false,"template":"","format":"standard","meta":{"footnotes":""},"categories":[8],"tags":[44,12,20,87,391,86,33,19,11,46,13,28,47,45,15],"class_list":["post-310","post","type-post","status-publish","format-standard","hentry","category-animaux","tag-bergerie","tag-causse-mejean","tag-cevennes","tag-chambre-dhote","tag-chambre-dhotes","tag-chambres-dhotes","tag-gorges-du-tarn","tag-grands-causses","tag-la-volpiliere","tag-laine","tag-lozere","tag-photo","tag-printemps","tag-tonte-des-brebis","tag-volpiliere"],"aioseo_notices":[],"_links":{"self":[{"href":"https:\/\/la-volpiliere.com\/blog\/wp-json\/wp\/v2\/posts\/310","targetHints":{"allow":["GET"]}}],"collection":[{"href":"https:\/\/la-volpiliere.com\/blog\/wp-json\/wp\/v2\/posts"}],"about":[{"href":"https:\/\/la-volpiliere.com\/blog\/wp-json\/wp\/v2\/types\/post"}],"author":[{"embeddable":true,"href":"https:\/\/la-volpiliere.com\/blog\/wp-json\/wp\/v2\/users\/2"}],"replies":[{"embeddable":true,"href":"https:\/\/la-volpiliere.com\/blog\/wp-json\/wp\/v2\/comments?post=310"}],"version-history":[{"count":11,"href":"https:\/\/la-volpiliere.com\/blog\/wp-json\/wp\/v2\/posts\/310\/revisions"}],"predecessor-version":[{"id":315,"href":"https:\/\/la-volpiliere.com\/blog\/wp-json\/wp\/v2\/posts\/310\/revisions\/315"}],"wp:attachment":[{"href":"https:\/\/la-volpiliere.com\/blog\/wp-json\/wp\/v2\/media?parent=310"}],"wp:term":[{"taxonomy":"category","embeddable":true,"href":"https:\/\/la-volpiliere.com\/blog\/wp-json\/wp\/v2\/categories?post=310"},{"taxonomy":"post_tag","embeddable":true,"href":"https:\/\/la-volpiliere.com\/blog\/wp-json\/wp\/v2\/tags?post=310"}],"curies":[{"name":"wp","href":"https:\/\/api.w.org\/{rel}","templated":true}]}}